{"id":2199,"date":"2020-08-26T15:54:50","date_gmt":"2020-08-26T15:54:50","guid":{"rendered":"https:\/\/compropiu.it\/?p=2199"},"modified":"2020-08-28T08:33:39","modified_gmt":"2020-08-28T08:33:39","slug":"elena-walch-la-finezza-dei-vini-altoatesini","status":"publish","type":"post","link":"https:\/\/compropiu.it\/?p=2199","title":{"rendered":"Elena Walch, la finezza dei vini Altoatesini"},"content":{"rendered":"\n<p>Anche se il clima torrido inviterebbe pi\u00f9 ad un fresco tuffo in piscina, abbandoniamo con coraggio il buen ritiro sulle alture di Bolzano per recarci in quel di Tramin, dove ci aspetta <strong>Karoline Walch<\/strong>, giovane condottiera assieme alla sorella Jiulia di quella che si pu\u00f2 definire una delle pi\u00f9 importanti realt\u00e0 vinicole private dell\u2019Alto Adige : <strong>Elena Walch<\/strong>. Ci troviamo all\u2019estremo nord del mondo neolatino, nel punto pi\u00f9 a sud di quello tedesco, qui si intrecciano lingue e culture multietniche in una regione vitivinicola tra le pi\u00f9 affascinanti ed interessanti, non solo a livello nazionale ma anche nel panorama mondiale.<\/p>\n\n\n\n<p>Da queste parti esiste una straordinaria forza di cooperazione tra piccoli e medi produttori che hanno fatto nascere cantine sociali di altissimo livello qualitativo. Elena Walch \u00e8 invece l\u2019esempio di una grande storia di famiglia che ora vive di innovazione e attualit\u00e0 presentando ogni anno una gamma completa di etichette di eccellenza, spaziando tra le tipologie pi\u00f9 tipiche dell\u2019Alto Adige ; noi siamo qui per assaggiarle e ci accomodiamo all\u2019ombra di maestosi alberi nel giardino del Bistrot di propriet\u00e0, adiacente la cantina.<\/p>\n\n\n\n<p>Apriamo le danze con il <strong>Pinot Bianco 2019<\/strong>, fresco e di elegante equilibrio, ci fa sentire una gamma di profumi fruttati e lievemente erbacei, poi scorre in bocca piacevolmente rilasciando un buon sapore minerale, invitante.<\/p>\n\n\n\n<p><strong>Cardellino<\/strong> \u00e8 un vino che prende il nome dal famoso uccello canterino, da queste parti si racconta che ama posarsi sulle viti di chardonnay per esaltarsi nelle sue doti canore : \u00e8 chardonnay in purezza, un 15% fermenta in barrique di rovere francese per circa 6 mesi, quel che basta per apportare al palato le piacevoli sfumature di cremosit\u00e0.<\/p>\n\n\n\n<div class=\"wp-block-columns is-layout-flex wp-container-core-columns-is-layout-9d6595d7 wp-block-columns-is-layout-flex\">\n<div class=\"wp-block-column is-layout-flow wp-block-column-is-layout-flow\" style=\"flex-basis:30%\">\n<figure class=\"wp-block-image size-large\"><img decoding=\"async\" width=\"768\" height=\"1024\" data-src=\"https:\/\/compropiu.it\/wp-content\/uploads\/2020\/08\/IMG_20200728_155855-1-768x1024.jpg\" alt=\"\" class=\"wp-image-2213 lazyload\" data-srcset=\"https:\/\/compropiu.it\/wp-content\/uploads\/2020\/08\/IMG_20200728_155855-1-768x1024.jpg 768w, https:\/\/compropiu.it\/wp-content\/uploads\/2020\/08\/IMG_20200728_155855-1-225x300.jpg 225w, https:\/\/compropiu.it\/wp-content\/uploads\/2020\/08\/IMG_20200728_155855-1-1152x1536.jpg 1152w, https:\/\/compropiu.it\/wp-content\/uploads\/2020\/08\/IMG_20200728_155855-1-1536x2048.jpg 1536w, https:\/\/compropiu.it\/wp-content\/uploads\/2020\/08\/IMG_20200728_155855-1-375x500.jpg 375w, https:\/\/compropiu.it\/wp-content\/uploads\/2020\/08\/IMG_20200728_155855-1-scaled.jpg 1920w\" data-sizes=\"(max-width: 768px) 100vw, 768px\" src=\"data:image\/svg+xml;base64,PHN2ZyB3aWR0aD0iMSIgaGVpZ2h0PSIxIiB4bWxucz0iaHR0cDovL3d3dy53My5vcmcvMjAwMC9zdmciPjwvc3ZnPg==\" style=\"--smush-placeholder-width: 768px; --smush-placeholder-aspect-ratio: 768\/1024;\" \/><\/figure>\n<\/div>\n\n\n\n<div class=\"wp-block-column is-layout-flow wp-block-column-is-layout-flow\" style=\"flex-basis:66.66%\">\n<p>Il <strong>Pinot Bianco \u201cKristallberg\u201d<\/strong> nasce da un vigneto collinare a 500\/600 metri di altitudine dove la discesa dei venti freddi di montagna incrociando le ventilazioni che provengono dal Garda, generano condizioni climatiche favorevoli ad una salutare maturazione di queste uve. In questo vino abbiamo percepito una buona avvolgenza di profumi con sfumature di pesca bianca e frutta esotica candita, bella struttura e lungo sapore in bocca, per un finale succoso e ricco di minerale.<\/p>\n<\/div>\n<\/div>\n\n\n\n<div class=\"wp-block-columns is-layout-flex wp-container-core-columns-is-layout-9d6595d7 wp-block-columns-is-layout-flex\">\n<div class=\"wp-block-column is-layout-flow wp-block-column-is-layout-flow\" style=\"flex-basis:30%\">\n<figure class=\"wp-block-image size-large\"><img decoding=\"async\" width=\"768\" height=\"1024\" data-src=\"https:\/\/compropiu.it\/wp-content\/uploads\/2020\/08\/IMG_20200728_155832-1-768x1024.jpg\" alt=\"\" class=\"wp-image-2212 lazyload\" data-srcset=\"https:\/\/compropiu.it\/wp-content\/uploads\/2020\/08\/IMG_20200728_155832-1-768x1024.jpg 768w, https:\/\/compropiu.it\/wp-content\/uploads\/2020\/08\/IMG_20200728_155832-1-225x300.jpg 225w, https:\/\/compropiu.it\/wp-content\/uploads\/2020\/08\/IMG_20200728_155832-1-1152x1536.jpg 1152w, https:\/\/compropiu.it\/wp-content\/uploads\/2020\/08\/IMG_20200728_155832-1-1536x2048.jpg 1536w, https:\/\/compropiu.it\/wp-content\/uploads\/2020\/08\/IMG_20200728_155832-1-375x500.jpg 375w, https:\/\/compropiu.it\/wp-content\/uploads\/2020\/08\/IMG_20200728_155832-1-scaled.jpg 1920w\" data-sizes=\"(max-width: 768px) 100vw, 768px\" src=\"data:image\/svg+xml;base64,PHN2ZyB3aWR0aD0iMSIgaGVpZ2h0PSIxIiB4bWxucz0iaHR0cDovL3d3dy53My5vcmcvMjAwMC9zdmciPjwvc3ZnPg==\" style=\"--smush-placeholder-width: 768px; --smush-placeholder-aspect-ratio: 768\/1024;\" \/><\/figure>\n<\/div>\n\n\n\n<div class=\"wp-block-column is-layout-flow wp-block-column-is-layout-flow\" style=\"flex-basis:66.66%\">\n<p>Da <strong>Vigna \u201cCastel Ringberg\u201d<\/strong>, tenuta principale di Elena Walch ma anche il pi\u00f9 grande vigneto dell\u2019Alto Adige, assaporiamo il Sauvignon 2019 frutto di 2 cloni originali coltivati a circa 380 metri di altitudine. Il 15% fermenta in barrique seguendo uno schema ormai collaudato che ne imprime il voluto stile, qui l\u2019espressione \u00e8 autentica, ne identifica territorio e tipicit\u00e0 con l\u2019assoluta garanzia di denominazione \u201cVigna\u201d. Olfatto intenso e grande pulizia di profumi : bosso , erbe alpine, sottobosco, ma poi esce anche un delizioso fruttato con accenno di tropicale, c\u2019\u00e8 coerenza tra naso e bocca, con una persistenza equilibrata e una buona acidit\u00e0 che ne prolunga il gusto.<\/p>\n<\/div>\n<\/div>\n\n\n\n<div class=\"wp-block-columns is-layout-flex wp-container-core-columns-is-layout-9d6595d7 wp-block-columns-is-layout-flex\">\n<div class=\"wp-block-column is-layout-flow wp-block-column-is-layout-flow\" style=\"flex-basis:30%\">\n<figure class=\"wp-block-image size-large\"><img decoding=\"async\" width=\"768\" height=\"1024\" data-src=\"https:\/\/compropiu.it\/wp-content\/uploads\/2020\/08\/IMG_20200728_163632-1-768x1024.jpg\" alt=\"\" class=\"wp-image-2210 lazyload\" data-srcset=\"https:\/\/compropiu.it\/wp-content\/uploads\/2020\/08\/IMG_20200728_163632-1-768x1024.jpg 768w, https:\/\/compropiu.it\/wp-content\/uploads\/2020\/08\/IMG_20200728_163632-1-225x300.jpg 225w, https:\/\/compropiu.it\/wp-content\/uploads\/2020\/08\/IMG_20200728_163632-1-1152x1536.jpg 1152w, https:\/\/compropiu.it\/wp-content\/uploads\/2020\/08\/IMG_20200728_163632-1-1536x2048.jpg 1536w, https:\/\/compropiu.it\/wp-content\/uploads\/2020\/08\/IMG_20200728_163632-1-375x500.jpg 375w, https:\/\/compropiu.it\/wp-content\/uploads\/2020\/08\/IMG_20200728_163632-1-scaled.jpg 1920w\" data-sizes=\"(max-width: 768px) 100vw, 768px\" src=\"data:image\/svg+xml;base64,PHN2ZyB3aWR0aD0iMSIgaGVpZ2h0PSIxIiB4bWxucz0iaHR0cDovL3d3dy53My5vcmcvMjAwMC9zdmciPjwvc3ZnPg==\" style=\"--smush-placeholder-width: 768px; --smush-placeholder-aspect-ratio: 768\/1024;\" \/><\/figure>\n\n\n\n<p><\/p>\n<\/div>\n\n\n\n<div class=\"wp-block-column is-layout-flow wp-block-column-is-layout-flow\" style=\"flex-basis:66.66%\">\n<p>Vera perla di rlievo \u00e8 il <strong>Gewurtzaminer &nbsp;\u201cKastelaz\u201d<\/strong>, dallo splendido vigneto dominante il paese di Tramin e completamente esposto a sud, nasce il vino pi\u00f9 rappresentativo di queste bellissime zone. Autentico ed espressivo gi\u00e0 dal colore paglierino carico, profumi nitidi e varietali, con una decisa prevalenza di rosa e una leggera speziatura dolce che ne completa il bouquet. In bocca \u00e8 un vino di carattere, fresco, ricco e complesso, sostenuto da una sapidit\u00e0 importante&nbsp; si &nbsp;fa apprezzare per la bella struttura secca, un caldo finale genera poi una piacevole dolcezza.<\/p>\n<\/div>\n<\/div>\n\n\n\n<div class=\"wp-block-columns is-layout-flex wp-container-core-columns-is-layout-9d6595d7 wp-block-columns-is-layout-flex\">\n<div class=\"wp-block-column is-layout-flow wp-block-column-is-layout-flow\" style=\"flex-basis:30%\">\n<figure class=\"wp-block-image size-large\"><img decoding=\"async\" width=\"768\" height=\"1024\" data-src=\"https:\/\/compropiu.it\/wp-content\/uploads\/2020\/08\/IMG_20200728_165727-1-768x1024.jpg\" alt=\"\" class=\"wp-image-2211 lazyload\" data-srcset=\"https:\/\/compropiu.it\/wp-content\/uploads\/2020\/08\/IMG_20200728_165727-1-768x1024.jpg 768w, https:\/\/compropiu.it\/wp-content\/uploads\/2020\/08\/IMG_20200728_165727-1-225x300.jpg 225w, https:\/\/compropiu.it\/wp-content\/uploads\/2020\/08\/IMG_20200728_165727-1-1152x1536.jpg 1152w, https:\/\/compropiu.it\/wp-content\/uploads\/2020\/08\/IMG_20200728_165727-1-1536x2048.jpg 1536w, https:\/\/compropiu.it\/wp-content\/uploads\/2020\/08\/IMG_20200728_165727-1-375x500.jpg 375w, https:\/\/compropiu.it\/wp-content\/uploads\/2020\/08\/IMG_20200728_165727-1-scaled.jpg 1920w\" data-sizes=\"(max-width: 768px) 100vw, 768px\" src=\"data:image\/svg+xml;base64,PHN2ZyB3aWR0aD0iMSIgaGVpZ2h0PSIxIiB4bWxucz0iaHR0cDovL3d3dy53My5vcmcvMjAwMC9zdmciPjwvc3ZnPg==\" style=\"--smush-placeholder-width: 768px; --smush-placeholder-aspect-ratio: 768\/1024;\" \/><\/figure>\n<\/div>\n\n\n\n<div class=\"wp-block-column is-layout-flow wp-block-column-is-layout-flow\" style=\"flex-basis:66.66%\">\n<p>Concludiamo dedicandoci a quel vitigno considerato croce e delizia dell\u2019enologia, ma che qui in Alto Adige ha trovato la sua capitale : il Pinot Nero \u00e8 vino ambizioso e difficilissimo, ma questo <strong>Ludwig &nbsp;2017<\/strong> di Elena Walch riesce ad esaltare perfettamente le doti di eleganza e fragranza aromatica di questo vitigno principe. Le uve vengono conferite da due vigneti diversi. Il 70% da appezzamenti in altitudine dove le escursioni termiche e terreni argillosi donano le caratteristiche note di freschezza, il 30% arriva da terreni calcarei posti a circa 450 metri di altitudine in localit\u00e0 Caldaro. Dopo la fermentazione in botti e una maturazione di 15 mesi in barrique di rovere francese Ludwig \u00e8 pronto ad un lungo affinamento in bottiglia, salvo essere assaliti dalla voglia di berlo. Ci conquista con il suo colore rubino brillante e&nbsp; mentre ci mettiamo il naso \u00e8 subito armonia di profumi : fragoline, lamponi e ribes in evidenza, lieve accenno pepato e selvatico, poi ancora frutto nitido, succoso, una dolcezza pulita e delicata. Anche in bocca \u00e8 puro ed espressivo, polposo ma elegante, una bella acidit\u00e0&nbsp; che ne bilancia l\u2019alcool e ci porta in un finale vivace, gustosissimo.<\/p>\n<\/div>\n<\/div>\n\n\n\n<p>Questo vino ci fa dimenticare la \u201cpromise land\u201d di Borgogna\u2026 complimenti a Karoline Walch.<\/p>\n","protected":false},"excerpt":{"rendered":"<p>Anche se il clima torrido inviterebbe pi\u00f9 ad un fresco tuffo in piscina, abbandoniamo con coraggio il buen ritiro sulle alture di Bolzano per recarci in quel di Tramin, dove ci aspetta Karoline Walch, giovane condottiera assieme alla sorella Jiulia di quella che si pu\u00f2 definire una delle pi\u00f9 importanti realt\u00e0 vinicole private dell\u2019Alto Adige : Elena Walch. Ci troviamo all\u2019estremo nord del mondo neolatino, nel punto pi\u00f9 a sud<\/p>\n","protected":false},"author":4,"featured_media":2206,"comment_status":"closed","ping_status":"closed","sticky":false,"template":"","format":"standard","meta":{"ngg_post_thumbnail":0,"_joinchat":[],"footnotes":""},"categories":[3,64],"tags":[],"class_list":["entry","author-carosello","post-2199","post","type-post","status-publish","format-standard","has-post-thumbnail","category-andar-per-cantine","category-degustando","clearfix"],"yoast_head":"<!-- This site is optimized with the Yoast SEO plugin v27.4 - https:\/\/yoast.com\/product\/yoast-seo-wordpress\/ -->\n<title>Elena Walch, la finezza dei vini Altoatesini -<\/title>\n<meta name=\"robots\" content=\"index, follow, max-snippet:-1, max-image-preview:large, max-video-preview:-1\" \/>\n<link rel=\"canonical\" href=\"https:\/\/compropiu.it\/?p=2199\" \/>\n<meta property=\"og:locale\" content=\"it_IT\" \/>\n<meta property=\"og:type\" content=\"article\" \/>\n<meta property=\"og:title\" content=\"Elena Walch, la finezza dei vini Altoatesini -\" \/>\n<meta property=\"og:description\" content=\"Anche se il clima torrido inviterebbe pi\u00f9 ad un fresco tuffo in piscina, abbandoniamo con coraggio il buen ritiro sulle alture di Bolzano per recarci in quel di Tramin, dove ci aspetta Karoline Walch, giovane condottiera assieme alla sorella Jiulia di quella che si pu\u00f2 definire una delle pi\u00f9 importanti realt\u00e0 vinicole private dell\u2019Alto Adige : Elena Walch. Ci troviamo all\u2019estremo nord del mondo neolatino, nel punto pi\u00f9 a sud\" \/>\n<meta property=\"og:url\" content=\"https:\/\/compropiu.it\/?p=2199\" \/>\n<meta property=\"article:published_time\" content=\"2020-08-26T15:54:50+00:00\" \/>\n<meta property=\"article:modified_time\" content=\"2020-08-28T08:33:39+00:00\" \/>\n<meta property=\"og:image\" content=\"https:\/\/compropiu.it\/wp-content\/uploads\/2020\/08\/identitaet_ug-1280x861-1-e1598418616564.jpg\" \/>\n\t<meta property=\"og:image:width\" content=\"860\" \/>\n\t<meta property=\"og:image:height\" content=\"860\" \/>\n\t<meta property=\"og:image:type\" content=\"image\/jpeg\" \/>\n<meta name=\"author\" content=\"Flavio Milani\" \/>\n<meta name=\"twitter:card\" content=\"summary_large_image\" \/>\n<meta name=\"twitter:label1\" content=\"Scritto da\" \/>\n\t<meta name=\"twitter:data1\" content=\"Flavio Milani\" \/>\n\t<meta name=\"twitter:label2\" content=\"Tempo di lettura stimato\" \/>\n\t<meta name=\"twitter:data2\" content=\"4 minuti\" \/>\n<script type=\"application\/ld+json\" class=\"yoast-schema-graph\">{\"@context\":\"https:\\\/\\\/schema.org\",\"@graph\":[{\"@type\":\"Article\",\"@id\":\"https:\\\/\\\/compropiu.it\\\/?p=2199#article\",\"isPartOf\":{\"@id\":\"https:\\\/\\\/compropiu.it\\\/?p=2199\"},\"author\":{\"name\":\"Flavio Milani\",\"@id\":\"https:\\\/\\\/compropiu.it\\\/#\\\/schema\\\/person\\\/a199259c189731a323c7a0dcac178ebf\"},\"headline\":\"Elena Walch, la finezza dei vini Altoatesini\",\"datePublished\":\"2020-08-26T15:54:50+00:00\",\"dateModified\":\"2020-08-28T08:33:39+00:00\",\"mainEntityOfPage\":{\"@id\":\"https:\\\/\\\/compropiu.it\\\/?p=2199\"},\"wordCount\":747,\"publisher\":{\"@id\":\"https:\\\/\\\/compropiu.it\\\/#organization\"},\"image\":{\"@id\":\"https:\\\/\\\/compropiu.it\\\/?p=2199#primaryimage\"},\"thumbnailUrl\":\"https:\\\/\\\/compropiu.it\\\/wp-content\\\/uploads\\\/2020\\\/08\\\/identitaet_ug-1280x861-1-e1598418616564.jpg\",\"articleSection\":[\"Andar per cantine\",\"Degustando\"],\"inLanguage\":\"it-IT\"},{\"@type\":\"WebPage\",\"@id\":\"https:\\\/\\\/compropiu.it\\\/?p=2199\",\"url\":\"https:\\\/\\\/compropiu.it\\\/?p=2199\",\"name\":\"Elena Walch, la finezza dei vini Altoatesini -\",\"isPartOf\":{\"@id\":\"https:\\\/\\\/compropiu.it\\\/#website\"},\"primaryImageOfPage\":{\"@id\":\"https:\\\/\\\/compropiu.it\\\/?p=2199#primaryimage\"},\"image\":{\"@id\":\"https:\\\/\\\/compropiu.it\\\/?p=2199#primaryimage\"},\"thumbnailUrl\":\"https:\\\/\\\/compropiu.it\\\/wp-content\\\/uploads\\\/2020\\\/08\\\/identitaet_ug-1280x861-1-e1598418616564.jpg\",\"datePublished\":\"2020-08-26T15:54:50+00:00\",\"dateModified\":\"2020-08-28T08:33:39+00:00\",\"breadcrumb\":{\"@id\":\"https:\\\/\\\/compropiu.it\\\/?p=2199#breadcrumb\"},\"inLanguage\":\"it-IT\",\"potentialAction\":[{\"@type\":\"ReadAction\",\"target\":[\"https:\\\/\\\/compropiu.it\\\/?p=2199\"]}]},{\"@type\":\"ImageObject\",\"inLanguage\":\"it-IT\",\"@id\":\"https:\\\/\\\/compropiu.it\\\/?p=2199#primaryimage\",\"url\":\"https:\\\/\\\/compropiu.it\\\/wp-content\\\/uploads\\\/2020\\\/08\\\/identitaet_ug-1280x861-1-e1598418616564.jpg\",\"contentUrl\":\"https:\\\/\\\/compropiu.it\\\/wp-content\\\/uploads\\\/2020\\\/08\\\/identitaet_ug-1280x861-1-e1598418616564.jpg\",\"width\":860,\"height\":860},{\"@type\":\"BreadcrumbList\",\"@id\":\"https:\\\/\\\/compropiu.it\\\/?p=2199#breadcrumb\",\"itemListElement\":[{\"@type\":\"ListItem\",\"position\":1,\"name\":\"Home\",\"item\":\"https:\\\/\\\/compropiu.it\\\/\"},{\"@type\":\"ListItem\",\"position\":2,\"name\":\"Elena Walch, la finezza dei vini Altoatesini\"}]},{\"@type\":\"WebSite\",\"@id\":\"https:\\\/\\\/compropiu.it\\\/#website\",\"url\":\"https:\\\/\\\/compropiu.it\\\/\",\"name\":\"\",\"description\":\"\",\"publisher\":{\"@id\":\"https:\\\/\\\/compropiu.it\\\/#organization\"},\"potentialAction\":[{\"@type\":\"SearchAction\",\"target\":{\"@type\":\"EntryPoint\",\"urlTemplate\":\"https:\\\/\\\/compropiu.it\\\/?s={search_term_string}\"},\"query-input\":{\"@type\":\"PropertyValueSpecification\",\"valueRequired\":true,\"valueName\":\"search_term_string\"}}],\"inLanguage\":\"it-IT\"},{\"@type\":\"Organization\",\"@id\":\"https:\\\/\\\/compropiu.it\\\/#organization\",\"name\":\"Studio Associato ComunIcare\",\"url\":\"https:\\\/\\\/compropiu.it\\\/\",\"logo\":{\"@type\":\"ImageObject\",\"inLanguage\":\"it-IT\",\"@id\":\"https:\\\/\\\/compropiu.it\\\/#\\\/schema\\\/logo\\\/image\\\/\",\"url\":\"https:\\\/\\\/compropiu.it\\\/wp-content\\\/uploads\\\/2018\\\/04\\\/logo43.jpeg\",\"contentUrl\":\"https:\\\/\\\/compropiu.it\\\/wp-content\\\/uploads\\\/2018\\\/04\\\/logo43.jpeg\",\"width\":988,\"height\":506,\"caption\":\"Studio Associato ComunIcare\"},\"image\":{\"@id\":\"https:\\\/\\\/compropiu.it\\\/#\\\/schema\\\/logo\\\/image\\\/\"}},{\"@type\":\"Person\",\"@id\":\"https:\\\/\\\/compropiu.it\\\/#\\\/schema\\\/person\\\/a199259c189731a323c7a0dcac178ebf\",\"name\":\"Flavio Milani\",\"image\":{\"@type\":\"ImageObject\",\"inLanguage\":\"it-IT\",\"@id\":\"https:\\\/\\\/secure.gravatar.com\\\/avatar\\\/5e03682be4fbf28cc5bf8a8261d77057c37c1b9d76636dac1d297249259b5d1b?s=96&d=mm&r=g\",\"url\":\"https:\\\/\\\/secure.gravatar.com\\\/avatar\\\/5e03682be4fbf28cc5bf8a8261d77057c37c1b9d76636dac1d297249259b5d1b?s=96&d=mm&r=g\",\"contentUrl\":\"https:\\\/\\\/secure.gravatar.com\\\/avatar\\\/5e03682be4fbf28cc5bf8a8261d77057c37c1b9d76636dac1d297249259b5d1b?s=96&d=mm&r=g\",\"caption\":\"Flavio Milani\"},\"url\":\"https:\\\/\\\/compropiu.it\\\/?author=4\"}]}<\/script>\n<!-- \/ Yoast SEO plugin. -->","yoast_head_json":{"title":"Elena Walch, la finezza dei vini Altoatesini -","robots":{"index":"index","follow":"follow","max-snippet":"max-snippet:-1","max-image-preview":"max-image-preview:large","max-video-preview":"max-video-preview:-1"},"canonical":"https:\/\/compropiu.it\/?p=2199","og_locale":"it_IT","og_type":"article","og_title":"Elena Walch, la finezza dei vini Altoatesini -","og_description":"Anche se il clima torrido inviterebbe pi\u00f9 ad un fresco tuffo in piscina, abbandoniamo con coraggio il buen ritiro sulle alture di Bolzano per recarci in quel di Tramin, dove ci aspetta Karoline Walch, giovane condottiera assieme alla sorella Jiulia di quella che si pu\u00f2 definire una delle pi\u00f9 importanti realt\u00e0 vinicole private dell\u2019Alto Adige : Elena Walch. Ci troviamo all\u2019estremo nord del mondo neolatino, nel punto pi\u00f9 a sud","og_url":"https:\/\/compropiu.it\/?p=2199","article_published_time":"2020-08-26T15:54:50+00:00","article_modified_time":"2020-08-28T08:33:39+00:00","og_image":[{"width":860,"height":860,"url":"https:\/\/compropiu.it\/wp-content\/uploads\/2020\/08\/identitaet_ug-1280x861-1-e1598418616564.jpg","type":"image\/jpeg"}],"author":"Flavio Milani","twitter_card":"summary_large_image","twitter_misc":{"Scritto da":"Flavio Milani","Tempo di lettura stimato":"4 minuti"},"schema":{"@context":"https:\/\/schema.org","@graph":[{"@type":"Article","@id":"https:\/\/compropiu.it\/?p=2199#article","isPartOf":{"@id":"https:\/\/compropiu.it\/?p=2199"},"author":{"name":"Flavio Milani","@id":"https:\/\/compropiu.it\/#\/schema\/person\/a199259c189731a323c7a0dcac178ebf"},"headline":"Elena Walch, la finezza dei vini Altoatesini","datePublished":"2020-08-26T15:54:50+00:00","dateModified":"2020-08-28T08:33:39+00:00","mainEntityOfPage":{"@id":"https:\/\/compropiu.it\/?p=2199"},"wordCount":747,"publisher":{"@id":"https:\/\/compropiu.it\/#organization"},"image":{"@id":"https:\/\/compropiu.it\/?p=2199#primaryimage"},"thumbnailUrl":"https:\/\/compropiu.it\/wp-content\/uploads\/2020\/08\/identitaet_ug-1280x861-1-e1598418616564.jpg","articleSection":["Andar per cantine","Degustando"],"inLanguage":"it-IT"},{"@type":"WebPage","@id":"https:\/\/compropiu.it\/?p=2199","url":"https:\/\/compropiu.it\/?p=2199","name":"Elena Walch, la finezza dei vini Altoatesini -","isPartOf":{"@id":"https:\/\/compropiu.it\/#website"},"primaryImageOfPage":{"@id":"https:\/\/compropiu.it\/?p=2199#primaryimage"},"image":{"@id":"https:\/\/compropiu.it\/?p=2199#primaryimage"},"thumbnailUrl":"https:\/\/compropiu.it\/wp-content\/uploads\/2020\/08\/identitaet_ug-1280x861-1-e1598418616564.jpg","datePublished":"2020-08-26T15:54:50+00:00","dateModified":"2020-08-28T08:33:39+00:00","breadcrumb":{"@id":"https:\/\/compropiu.it\/?p=2199#breadcrumb"},"inLanguage":"it-IT","potentialAction":[{"@type":"ReadAction","target":["https:\/\/compropiu.it\/?p=2199"]}]},{"@type":"ImageObject","inLanguage":"it-IT","@id":"https:\/\/compropiu.it\/?p=2199#primaryimage","url":"https:\/\/compropiu.it\/wp-content\/uploads\/2020\/08\/identitaet_ug-1280x861-1-e1598418616564.jpg","contentUrl":"https:\/\/compropiu.it\/wp-content\/uploads\/2020\/08\/identitaet_ug-1280x861-1-e1598418616564.jpg","width":860,"height":860},{"@type":"BreadcrumbList","@id":"https:\/\/compropiu.it\/?p=2199#breadcrumb","itemListElement":[{"@type":"ListItem","position":1,"name":"Home","item":"https:\/\/compropiu.it\/"},{"@type":"ListItem","position":2,"name":"Elena Walch, la finezza dei vini Altoatesini"}]},{"@type":"WebSite","@id":"https:\/\/compropiu.it\/#website","url":"https:\/\/compropiu.it\/","name":"","description":"","publisher":{"@id":"https:\/\/compropiu.it\/#organization"},"potentialAction":[{"@type":"SearchAction","target":{"@type":"EntryPoint","urlTemplate":"https:\/\/compropiu.it\/?s={search_term_string}"},"query-input":{"@type":"PropertyValueSpecification","valueRequired":true,"valueName":"search_term_string"}}],"inLanguage":"it-IT"},{"@type":"Organization","@id":"https:\/\/compropiu.it\/#organization","name":"Studio Associato ComunIcare","url":"https:\/\/compropiu.it\/","logo":{"@type":"ImageObject","inLanguage":"it-IT","@id":"https:\/\/compropiu.it\/#\/schema\/logo\/image\/","url":"https:\/\/compropiu.it\/wp-content\/uploads\/2018\/04\/logo43.jpeg","contentUrl":"https:\/\/compropiu.it\/wp-content\/uploads\/2018\/04\/logo43.jpeg","width":988,"height":506,"caption":"Studio Associato ComunIcare"},"image":{"@id":"https:\/\/compropiu.it\/#\/schema\/logo\/image\/"}},{"@type":"Person","@id":"https:\/\/compropiu.it\/#\/schema\/person\/a199259c189731a323c7a0dcac178ebf","name":"Flavio Milani","image":{"@type":"ImageObject","inLanguage":"it-IT","@id":"https:\/\/secure.gravatar.com\/avatar\/5e03682be4fbf28cc5bf8a8261d77057c37c1b9d76636dac1d297249259b5d1b?s=96&d=mm&r=g","url":"https:\/\/secure.gravatar.com\/avatar\/5e03682be4fbf28cc5bf8a8261d77057c37c1b9d76636dac1d297249259b5d1b?s=96&d=mm&r=g","contentUrl":"https:\/\/secure.gravatar.com\/avatar\/5e03682be4fbf28cc5bf8a8261d77057c37c1b9d76636dac1d297249259b5d1b?s=96&d=mm&r=g","caption":"Flavio Milani"},"url":"https:\/\/compropiu.it\/?author=4"}]}},"_links":{"self":[{"href":"https:\/\/compropiu.it\/index.php?rest_route=\/wp\/v2\/posts\/2199","targetHints":{"allow":["GET"]}}],"collection":[{"href":"https:\/\/compropiu.it\/index.php?rest_route=\/wp\/v2\/posts"}],"about":[{"href":"https:\/\/compropiu.it\/index.php?rest_route=\/wp\/v2\/types\/post"}],"author":[{"embeddable":true,"href":"https:\/\/compropiu.it\/index.php?rest_route=\/wp\/v2\/users\/4"}],"replies":[{"embeddable":true,"href":"https:\/\/compropiu.it\/index.php?rest_route=%2Fwp%2Fv2%2Fcomments&post=2199"}],"version-history":[{"count":7,"href":"https:\/\/compropiu.it\/index.php?rest_route=\/wp\/v2\/posts\/2199\/revisions"}],"predecessor-version":[{"id":2216,"href":"https:\/\/compropiu.it\/index.php?rest_route=\/wp\/v2\/posts\/2199\/revisions\/2216"}],"wp:featuredmedia":[{"embeddable":true,"href":"https:\/\/compropiu.it\/index.php?rest_route=\/wp\/v2\/media\/2206"}],"wp:attachment":[{"href":"https:\/\/compropiu.it\/index.php?rest_route=%2Fwp%2Fv2%2Fmedia&parent=2199"}],"wp:term":[{"taxonomy":"category","embeddable":true,"href":"https:\/\/compropiu.it\/index.php?rest_route=%2Fwp%2Fv2%2Fcategories&post=2199"},{"taxonomy":"post_tag","embeddable":true,"href":"https:\/\/compropiu.it\/index.php?rest_route=%2Fwp%2Fv2%2Ftags&post=2199"}],"curies":[{"name":"wp","href":"https:\/\/api.w.org\/{rel}","templated":true}]}}